{"id":1122,"date":"2026-09-03T14:44:07","date_gmt":"2026-09-03T17:44:07","guid":{"rendered":"https:\/\/podcasts.seriadores.com.br\/sad\/?p=1122"},"modified":"2026-09-03T14:44:07","modified_gmt":"2026-09-03T17:44:07","slug":"233-madre-helicueptero-e-aquela-vontade-de-largar-tudo","status":"publish","type":"post","link":"http:\/\/podcasts.seriadores.com.br\/sad\/2026\/09\/03\/233-madre-helicueptero-e-aquela-vontade-de-largar-tudo\/","title":{"rendered":"233 | Madre Helicu\u00e9ptero (e Aquela Vontade de Largar Tudo)"},"content":{"rendered":"<body><p><\/p><a href=\"https:\/\/blogger.googleusercontent.com\/img\/b\/R29vZ2xl\/AVvXsEiDf68-4pawhnVellCH67BQJ-OvzQu1UhgrVo99D42Ls-5T7cECySn3HDymtkBj9M4Loq-cxvNmpu7ryohzJfBHGZG8NeDj7kqDRUMgYvkn0wDLrrKl6QvQDkgiICFdxciPhZq8mSwoByHEFT2zFV05vi9Q16fYmpXbbHVgINGjx8tITRNxkrQhidm9YIYB\/s1150\/sad233.jpg\"><img decoding=\"async\" src=\"https:\/\/blogger.googleusercontent.com\/img\/b\/R29vZ2xl\/AVvXsEiDf68-4pawhnVellCH67BQJ-OvzQu1UhgrVo99D42Ls-5T7cECySn3HDymtkBj9M4Loq-cxvNmpu7ryohzJfBHGZG8NeDj7kqDRUMgYvkn0wDLrrKl6QvQDkgiICFdxciPhZq8mSwoByHEFT2zFV05vi9Q16fYmpXbbHVgINGjx8tITRNxkrQhidm9YIYB\/w640-h334\/sad233.jpg\" width=\"640\" height=\"334\" border=\"0\" data-original-height=\"600\" data-original-width=\"1150\" loading=\"lazy\"><\/a>\n<p>Com patroc\u00ednio imagin\u00e1rio do Boo, esse programa explora todos os anseios que n\u00f3s, latinos, temos em rela\u00e7\u00e3o \u00e0 cultura de Calgary, assim como os questionamentos a respeito de mensagens arquivadas e possibilidades de jogar tudo para o alto e viver de arte, mesmo sem nenhum talento art\u00edstico.<\/p>\n<p><b>Acompanhe o SAD:<\/b> <a href=\"https:\/\/itunes.apple.com\/br\/podcast\/sad-no-ar\/id1071489312?l=ptbr\"><b>iTunes<\/b><\/a> | <a href=\"http:\/\/www.subscribeonandroid.com\/podcasts.seriadores.com.br\/sad\/feed\/podcast\/\"><b>Android<\/b><\/a> | <a href=\"https:\/\/open.spotify.com\/show\/71DdvwMBvTvPWCFdUVsUJJ?si=kxAM2Fu6R3ymOibHV3Zybw\"><b>Spotify<\/b><\/a> | <a href=\"https:\/\/t.me\/sadnoar\"><b>Grupo no Telegram<\/b><\/a><\/p>\n<p><a href=\"https:\/\/forms.gle\/hHaLYuvxHMyRQJKa6\"><b>Envie SUAS HIST\u00d3RIAS anonimamente pelo formul\u00e1rio para fazer parte dos pr\u00f3ximos programas.<\/b><\/a><\/p>\n<p><b data-original-attrs='{\"style\":\"\"}'>Participantes<\/b><span style=\"color: #0066cc;\" data-keep-original-tag=\"false\" data-original-attrs='{\"style\":\"\"}'><b><br>\n<\/b><\/span><span style=\"color: #ff00fe;\" data-keep-original-tag=\"false\" data-original-attrs='{\"style\":\"\"}'><span style=\"color: #3d85c6;\" data-keep-original-tag=\"false\" data-original-attrs='{\"style\":\"\"}'>Al\u00ea Barbieri<br>\nAmanda Aguiar<br>\nLeo Oliveira<br>\nLuciana Santos<br>\nM\u00e1rcio Zanon<\/span><\/span><\/p>\n<div class=\"powerpress_player\" id=\"powerpress_player_2387\"><!--[if lt IE 9]><script>document.createElement('audio');<\/script><![endif]-->\n<audio class=\"wp-audio-shortcode\" id=\"audio-1122-1\" preload=\"none\" style=\"width: 100%;\" controls=\"controls\"><source type=\"audio\/mpeg\" src=\"http:\/\/media.blubrry.com\/sad_no_ar\/archive.org\/download\/sad233\/sad233.mp3?_=1\"><\/source><a href=\"http:\/\/media.blubrry.com\/sad_no_ar\/archive.org\/download\/sad233\/sad233.mp3\">http:\/\/media.blubrry.com\/sad_no_ar\/archive.org\/download\/sad233\/sad233.mp3<\/a><\/audio><\/div><p class=\"powerpress_links powerpress_links_mp3\" style=\"margin-bottom: 1px !important;\">Podcast: <a href=\"http:\/\/media.blubrry.com\/sad_no_ar\/archive.org\/download\/sad233\/sad233.mp3\" class=\"powerpress_link_pinw\" target=\"_blank\" title=\"Play in new window\" onclick=\"return powerpress_pinw('http:\/\/podcasts.seriadores.com.br\/sad\/?powerpress_pinw=1122-podcast');\" rel=\"nofollow\">Play in new window<\/a> | <a href=\"http:\/\/media.blubrry.com\/sad_no_ar\/archive.org\/download\/sad233\/sad233.mp3\" class=\"powerpress_link_d\" title=\"Download\" rel=\"nofollow\" download=\"sad233.mp3\">Download<\/a><\/p><p class=\"powerpress_links powerpress_subscribe_links\">Subscribe: <a href=\"http:\/\/podcasts.seriadores.com.br\/sad\/feed\/podcast\/\" class=\"powerpress_link_subscribe powerpress_link_subscribe_rss\" target=\"_blank\" title=\"Subscribe via RSS\" rel=\"nofollow\">RSS<\/a><\/p><\/body>","protected":false},"excerpt":{"rendered":"<p>Com patroc\u00ednio imagin\u00e1rio do Boo, esse programa explora todos os anseios que n\u00f3s, latinos, temos em rela\u00e7\u00e3o \u00e0 cultura de Calgary, assim como os questionamentos a respeito de mensagens arquivadas e possibilidades de jogar tudo para o alto e viver de arte, mesmo sem nenhum talento art\u00edstico. Acompanhe o SAD: iTunes | Android | Spotify &hellip; <a href=\"http:\/\/podcasts.seriadores.com.br\/sad\/2026\/09\/03\/233-madre-helicueptero-e-aquela-vontade-de-largar-tudo\/\" class=\"more-link\">Continue lendo<span class=\"screen-reader-text\"> &#8220;233 | Madre Helicu\u00e9ptero (e Aquela Vontade de Largar Tudo)&#8221;<\/span><\/a><\/p>\n","protected":false},"author":1,"featured_media":0,"comment_status":"open","ping_status":"open","sticky":false,"template":"","format":"standard","meta":{"footnotes":""},"categories":[2],"tags":[],"class_list":["post-1122","post","type-post","status-publish","format-standard","hentry","category-podcast"],"_links":{"self":[{"href":"http:\/\/podcasts.seriadores.com.br\/sad\/wp-json\/wp\/v2\/posts\/1122"}],"collection":[{"href":"http:\/\/podcasts.seriadores.com.br\/sad\/wp-json\/wp\/v2\/posts"}],"about":[{"href":"http:\/\/podcasts.seriadores.com.br\/sad\/wp-json\/wp\/v2\/types\/post"}],"author":[{"embeddable":true,"href":"http:\/\/podcasts.seriadores.com.br\/sad\/wp-json\/wp\/v2\/users\/1"}],"replies":[{"embeddable":true,"href":"http:\/\/podcasts.seriadores.com.br\/sad\/wp-json\/wp\/v2\/comments?post=1122"}],"version-history":[{"count":1,"href":"http:\/\/podcasts.seriadores.com.br\/sad\/wp-json\/wp\/v2\/posts\/1122\/revisions"}],"predecessor-version":[{"id":1123,"href":"http:\/\/podcasts.seriadores.com.br\/sad\/wp-json\/wp\/v2\/posts\/1122\/revisions\/1123"}],"wp:attachment":[{"href":"http:\/\/podcasts.seriadores.com.br\/sad\/wp-json\/wp\/v2\/media?parent=1122"}],"wp:term":[{"taxonomy":"category","embeddable":true,"href":"http:\/\/podcasts.seriadores.com.br\/sad\/wp-json\/wp\/v2\/categories?post=1122"},{"taxonomy":"post_tag","embeddable":true,"href":"http:\/\/podcasts.seriadores.com.br\/sad\/wp-json\/wp\/v2\/tags?post=1122"}],"curies":[{"name":"wp","href":"https:\/\/api.w.org\/{rel}","templated":true}]}}